[{"@context":"https:\/\/schema.org\/","@type":"Article","@id":"https:\/\/www.heitec.cz\/pronajmout-si-auto-dnes-neni-zadny-problem\/#Article","mainEntityOfPage":"https:\/\/www.heitec.cz\/pronajmout-si-auto-dnes-neni-zadny-problem\/","headline":"Pronajmout si auto dnes nen\u00ed \u017e\u00e1dn\u00fd probl\u00e9m","name":"Pronajmout si auto dnes nen\u00ed \u017e\u00e1dn\u00fd probl\u00e9m","description":"P\u016fj\u010dovny aut lid\u00e9 vyu\u017e\u00edvaj\u00ed z v\u00edcero d\u016fvod\u016f a my bychom tu mohli n\u011bkter\u00e9 z nich nast\u00ednit. Podm\u00ednkou k pron\u00e1jmu je pouze vratn\u00e1 kauce, \u0159idi\u010dsk\u00e9 opr\u00e1vn\u011bn\u00ed skupiny B a vhodn\u00e9 je i zaji\u0161t\u011bn\u00ed vlastn\u00edho poji\u0161t\u011bn\u00ed pro p\u0159\u00edpad zavin\u011bn\u00ed nehody \u010di jin\u00e9 formy po\u0161kozen\u00ed vozidla. Vozidlo v servisu \u2013 pamatujete se na film \u201eVrchn\u00ed prchni\u201c, jak se [&hellip;]","datePublished":"2023-02-10","dateModified":"2023-05-02","author":{"@type":"Person","@id":"https:\/\/www.heitec.cz\/author\/#Person","name":"","url":"https:\/\/www.heitec.cz\/author\/","identifier":1,"image":{"@type":"ImageObject","@id":"https:\/\/secure.gravatar.com\/avatar\/f3f77307dfb7a1a6ad06d8ef95ed6ed296a0507575d3814dc8c8630c3a7fa477?s=96&d=mm&r=g","url":"https:\/\/secure.gravatar.com\/avatar\/f3f77307dfb7a1a6ad06d8ef95ed6ed296a0507575d3814dc8c8630c3a7fa477?s=96&d=mm&r=g","height":96,"width":96}},"publisher":{"@type":"Organization","name":"heitec.cz","logo":{"@type":"ImageObject","@id":"\/logo.png","url":"\/logo.png","width":600,"height":60}},"image":{"@type":"ImageObject","@id":"https:\/\/www.heitec.cz\/wp-content\/uploads\/vw-gbbfdf3729_640.jpg","url":"https:\/\/www.heitec.cz\/wp-content\/uploads\/vw-gbbfdf3729_640.jpg","height":0,"width":0},"url":"https:\/\/www.heitec.cz\/pronajmout-si-auto-dnes-neni-zadny-problem\/","about":["Podnik\u00e1n\u00ed"],"wordCount":447,"articleBody":"       P\u016fj\u010dovny aut lid\u00e9 vyu\u017e\u00edvaj\u00ed z v\u00edcero d\u016fvod\u016f a my bychom tu mohli n\u011bkter\u00e9 z nich nast\u00ednit. Podm\u00ednkou k pron\u00e1jmu je pouze vratn\u00e1 kauce, \u0159idi\u010dsk\u00e9 opr\u00e1vn\u011bn\u00ed skupiny B a vhodn\u00e9 je i zaji\u0161t\u011bn\u00ed vlastn\u00edho poji\u0161t\u011bn\u00ed pro p\u0159\u00edpad zavin\u011bn\u00ed nehody \u010di jin\u00e9 formy po\u0161kozen\u00ed vozidla.Vozidlo v servisu \u2013 pamatujete se na film \u201eVrchn\u00ed prchni\u201c, jak se Josef Abrh\u00e1m vylh\u00e1val D\u00e1d\u011b Patrasov\u00e9, \u017ee m\u00e1 v\u016fz v servisu, a \u017ee p\u0159ijel vlakem? Kdyby v t\u00e9 dob\u011b existovala p\u016fj\u010dovna aut v Praze, nemusel by se ztrap\u0148ovat s hn\u011bd\u00fdm Velorexem a podnikat kv\u016fli tomu takov\u00e1 extempore. Pron\u00e1jem vozidel je ov\u0161em samoz\u0159ejm\u011b mo\u017en\u00fd i z docela prozaick\u00fdch d\u016fvod\u016f \u2013 prost\u011b m\u00e1te va\u0161e st\u00e1vaj\u00edc\u00ed vozidlo v servisu kv\u016fli technick\u00e9 prohl\u00eddce STK anebo do\u0161lo k n\u011bjak\u00e9 z\u00e1vad\u011b, a pot\u0159ebujete co nejd\u0159\u00edve n\u00e1hradn\u00ed v\u016fz pro va\u0161e podnik\u00e1n\u00ed \u010di jin\u00e9 aktivity.Nem\u00e1m auto \u2013 styd\u011bt se za to, \u017ee nem\u00e1m auto, je bezp\u0159edm\u011btn\u00e9, n\u011bkte\u0159\u00ed lid\u00e9 jej zkr\u00e1tka nepot\u0159ebuj\u00ed, do zam\u011bstn\u00e1n\u00ed doj\u00ed\u017ed\u00ed denn\u011b metrem nebo autobusem a o v\u00edkendech rovn\u011b\u017e vyu\u017e\u00edvaj\u00ed m\u011bstskou dopravu. A pokud se odhodlaj\u00ed jet n\u011bkam na v\u00fdlet, usedaj\u00ed do vlaku. Jistou mo\u017enost\u00ed je pak vlak nahradit zap\u016fj\u010den\u00fdm autem z autop\u016fj\u010dovny \u2013 tehdy m\u00e1te sv\u00e9 soukrom\u00ed, m\u016f\u017eete vz\u00edt na v\u00fdlet celou rodinu a podniknout j\u00edzdu i tam, kam b\u011b\u017en\u011b hromadn\u00e9 dopravn\u00ed prost\u0159edky nezaj\u00ed\u017ed\u00ed, t\u0159eba k horn\u00edmu toku Berounky do vyhl\u00e1\u0161en\u00e9 rekrea\u010dn\u00ed oblasti.Mlad\u00ed \u0159idi\u010di \u2013 \u010derstv\u00ed absolventi kurzu \u0159idi\u010dsk\u00e9ho opr\u00e1vn\u011bn\u00ed tak\u00e9 nemus\u00ed m\u00edt k dispozici vlastn\u00ed v\u016fz, rodi\u010de jim auto nep\u016fj\u010d\u00ed a autop\u016fj\u010dovna v Praze https:\/\/autopujcovna-milan.cz\/ je pak ide\u00e1ln\u00edm partnerem pro zaji\u0161t\u011bn\u00ed r\u016fzn\u00fdch akc\u00ed s kamar\u00e1dy. Nap\u0159\u00edklad prodlou\u017een\u00fd v\u00edkend na hor\u00e1ch, pron\u00e1jem penzionu se snoubenkou, pl\u00e1nov\u00e1n\u00ed v\u00fdletu na T\u0159ebo\u0148sko, kde si lze v\u00fdhodn\u011b zap\u016fj\u010dit j\u00edzdn\u00ed kola a tr\u00e1vit tu voln\u00e9 chv\u00edle cykloturistikou anebo t\u0159eba v\u00edkendov\u00e9 cestov\u00e1n\u00ed s p\u0159\u00e1teli ze zahrani\u010d\u00ed, kte\u0159\u00ed p\u0159il\u00e9taj\u00ed na pra\u017esk\u00e9 ruzy\u0148sk\u00e9 leti\u0161t\u011b. S pronajat\u00fdm vozem pak m\u016f\u017eete sv\u00fdm zahrani\u010dn\u00edm host\u016fm p\u0159edv\u00e9st n\u011bkter\u00e9 zaj\u00edmav\u00e9 pam\u00e1tky a p\u0159\u00edrodn\u00ed kr\u00e1sy v okol\u00ed Prahy.                                                                                                                                                                                                                                                                                                                                                                                          3.9\/5 - (9 votes)        "},{"@context":"https:\/\/schema.org\/","@type":"BreadcrumbList","itemListElement":[{"@type":"ListItem","position":1,"name":"Pronajmout si auto dnes nen\u00ed \u017e\u00e1dn\u00fd probl\u00e9m","item":"https:\/\/www.heitec.cz\/pronajmout-si-auto-dnes-neni-zadny-problem\/#breadcrumbitem"}]}]