[{"@context":"https:\/\/schema.org\/","@type":"Article","@id":"https:\/\/www.heitec.cz\/poridit-pausal-detem-muzete-ale-budete-zodpovedni-za-veskere-platby\/#Article","mainEntityOfPage":"https:\/\/www.heitec.cz\/poridit-pausal-detem-muzete-ale-budete-zodpovedni-za-veskere-platby\/","headline":"Po\u0159\u00eddit pau\u0161\u00e1l d\u011btem m\u016f\u017eete, ale budete zodpov\u011bdn\u00ed za ve\u0161ker\u00e9 platby","name":"Po\u0159\u00eddit pau\u0161\u00e1l d\u011btem m\u016f\u017eete, ale budete zodpov\u011bdn\u00ed za ve\u0161ker\u00e9 platby","description":"Poskytnout d\u00edt\u011bti mobiln\u00ed telefon s\u00a0pravideln\u011b placen\u00fdm pau\u0161\u00e1ln\u00edm tarifem nen\u00ed probl\u00e9m. Podm\u00ednkou je, \u017ee je mu m\u00e9n\u011b ne\u017e 18 let, a \u017ee nav\u0161t\u00edv\u00ed osobn\u011b pracovi\u0161t\u011b pobo\u010dky spolu se sv\u00fdmi rodi\u010di (z\u00e1konn\u00fdm z\u00e1stupcem). V\u00a0sou\u010dasn\u00e9 dob\u011b je smlouva o placen\u00e9m tarifu uzav\u0159ena na jm\u00e9no rodi\u010d\u016f nebo jin\u00e9ho z\u00e1konn\u00e9ho opatrovn\u00edka d\u00edt\u011bte, u O2 mohou rodi\u010de nechat vystavit smlouvu p\u0159\u00edmo [&hellip;]","datePublished":"2025-02-28","dateModified":"2023-05-02","author":{"@type":"Person","@id":"https:\/\/www.heitec.cz\/author\/#Person","name":"","url":"https:\/\/www.heitec.cz\/author\/","identifier":1,"image":{"@type":"ImageObject","@id":"https:\/\/secure.gravatar.com\/avatar\/f3f77307dfb7a1a6ad06d8ef95ed6ed296a0507575d3814dc8c8630c3a7fa477?s=96&d=mm&r=g","url":"https:\/\/secure.gravatar.com\/avatar\/f3f77307dfb7a1a6ad06d8ef95ed6ed296a0507575d3814dc8c8630c3a7fa477?s=96&d=mm&r=g","height":96,"width":96}},"publisher":{"@type":"Organization","name":"heitec.cz","logo":{"@type":"ImageObject","@id":"\/logo.png","url":"\/logo.png","width":600,"height":60}},"image":{"@type":"ImageObject","@id":"https:\/\/www.heitec.cz\/wp-content\/uploads\/img_a309236_w1909_t1520200992.jpg","url":"https:\/\/www.heitec.cz\/wp-content\/uploads\/img_a309236_w1909_t1520200992.jpg","height":0,"width":0},"url":"https:\/\/www.heitec.cz\/poridit-pausal-detem-muzete-ale-budete-zodpovedni-za-veskere-platby\/","wordCount":432,"articleBody":"Poskytnout d\u00edt\u011bti mobiln\u00ed telefon s\u00a0pravideln\u011b placen\u00fdm pau\u0161\u00e1ln\u00edm tarifem nen\u00ed probl\u00e9m. Podm\u00ednkou je, \u017ee je mu m\u00e9n\u011b ne\u017e 18 let, a \u017ee nav\u0161t\u00edv\u00ed osobn\u011b pracovi\u0161t\u011b pobo\u010dky spolu se sv\u00fdmi rodi\u010di (z\u00e1konn\u00fdm z\u00e1stupcem).V\u00a0sou\u010dasn\u00e9 dob\u011b je smlouva o placen\u00e9m tarifu uzav\u0159ena na jm\u00e9no rodi\u010d\u016f nebo jin\u00e9ho z\u00e1konn\u00e9ho opatrovn\u00edka d\u00edt\u011bte, u O2 mohou rodi\u010de nechat vystavit smlouvu p\u0159\u00edmo na d\u00edt\u011b. Spole\u010dnost O2 to zd\u016fvod\u0148uje t\u00edm, \u017ee mohou d\u011bti do 26 let \u010derpat zv\u00fdhodn\u011bn\u00e9 tarify, a \u017ee podm\u00ednkou je, aby toto bylo o\u0161et\u0159eno smluvn\u011b.\tCo plat\u00ed dnes, neplatilo d\u0159\u00edveVe\u0161ker\u00e9 poplatky ov\u0161em za d\u011bti mus\u00ed povinn\u011b ze z\u00e1kona hradit rodi\u010de, nebo\u0165 d\u011bti nejsou v\u00fdd\u011ble\u010dn\u011b \u010dinn\u00fdmi osobami. Zd\u00e1 se to pochopiteln\u011b logick\u00e9, ov\u0161em tato legislativn\u00ed \u00faprava pamatuje na n\u011bco takov\u00e9ho teprve n\u011bkolik m\u011bs\u00edc\u016f. D\u0159\u00edve tomu tak nebylo, a pokud byla uzav\u0159ena smlouva na jm\u00e9no d\u00edt\u011bte, bylo to tak\u00e9 p\u0159edm\u011btem vym\u00e1h\u00e1n\u00ed dlu\u017en\u00e9 \u010d\u00e1stky v\u00a0p\u0159\u00edpad\u011b nezaplacen\u00ed telekomunika\u010dn\u00edch poplatk\u016f. Tato pat\u00e1lie ov\u0161em zas\u00e1hla pouze majitele tarif\u016f u spole\u010dnost\u00ed Vodafone a O2. T-Mobile uzav\u00edr\u00e1 smlouvy odjak\u017eiva pouze s\u00a0rodi\u010di a z\u00e1konn\u00fdmi z\u00e1stupci nezletil\u00fdch d\u011bt\u00ed.Pokud situaci musel \u0159e\u0161it \u010cesk\u00fd telekomunika\u010dn\u00ed \u00fa\u0159ad a hrozilo vym\u00e1h\u00e1n\u00ed pohled\u00e1vky v\u016f\u010di nezletil\u00fdm osob\u00e1m a zah\u00e1jen\u00ed exeku\u010dn\u00edho \u0159\u00edzen\u00ed, do takov\u00e9 absurdity se nikdy \u00fa\u0159ad na\u0161t\u011bst\u00ed nepustil.\tExekutor zabavuje d\u011btem hra\u010dky? To skute\u010dn\u011b nehroz\u00ed.Od roku 2016 se pravidla na\u0161t\u011bst\u00ed zm\u011bnila a mobiln\u00ed oper\u00e1to\u0159i ji\u017e dluhy po d\u011btech nevym\u00e1haj\u00ed a v\u00a0uzav\u0159en\u00e9 smlouv\u011b je jasn\u011b stanoveno (u O2), \u017ee ve\u0161ker\u00e9 platby v\u010detn\u011b dluh\u016f je povinen hradit z\u00e1konn\u00fd z\u00e1stupce, nebo rodi\u010de. Po dovr\u0161en\u00ed 18 let se d\u00edt\u011b m\u016f\u017ee rozhodnout, zda p\u0159ev\u00e9st smlouvu na sebe, v\u00a0opa\u010dn\u00e9m p\u0159\u00edpad\u011b se smlouva zru\u0161\u00ed, nebo je vystavena p\u0159\u00edmo na jeho rodi\u010de.Ani u Vodafonu se v\u00a0sou\u010dasn\u00e9 dob\u011b ne\u0159e\u0161\u00ed \u017e\u00e1dn\u00e9 pohled\u00e1vky v\u016f\u010di d\u011btem, v\u011bt\u0161inou je toti\u017e pau\u0161\u00e1ln\u00ed tarif uzav\u0159en\u00fd na rodi\u010de d\u00edt\u011bte v\u00fdhodn\u011bj\u0161\u00ed, ne\u017e nap\u0159. tarif bez smlouvy pro mladistv\u00e9 v\u00a0rozmez\u00ed v\u011bku od 15 do 18 let.\u00a0                                                                                                                                                                                                                                                                                                                                                                                        4.5\/5 - (4 votes)        "},{"@context":"https:\/\/schema.org\/","@type":"BreadcrumbList","itemListElement":[{"@type":"ListItem","position":1,"name":"Po\u0159\u00eddit pau\u0161\u00e1l d\u011btem m\u016f\u017eete, ale budete zodpov\u011bdn\u00ed za ve\u0161ker\u00e9 platby","item":"https:\/\/www.heitec.cz\/poridit-pausal-detem-muzete-ale-budete-zodpovedni-za-veskere-platby\/#breadcrumbitem"}]}]