[{"@context":"https:\/\/schema.org\/","@type":"Article","@id":"https:\/\/www.heitec.cz\/obleceni-a-doplnky-pro-deti-i-dospele-jsou-tu-v-tom-nejvetsim-e-shopu\/#Article","mainEntityOfPage":"https:\/\/www.heitec.cz\/obleceni-a-doplnky-pro-deti-i-dospele-jsou-tu-v-tom-nejvetsim-e-shopu\/","headline":"Oble\u010den\u00ed a dopl\u0148ky pro d\u011bti i dosp\u011bl\u00e9 jsou tu v tom nejv\u011bt\u0161\u00edm e- shopu","name":"Oble\u010den\u00ed a dopl\u0148ky pro d\u011bti i dosp\u011bl\u00e9 jsou tu v tom nejv\u011bt\u0161\u00edm e- shopu","description":"Odj\u00ed\u017ed\u00edte pry\u010d a pot\u0159ebujete si dovybavit sv\u00e9 oble\u010den\u00ed o n\u011bjak\u00e9 dal\u0161\u00ed kusy? Kv\u016fli n\u00e1ro\u010dn\u00e9mu zam\u011bstn\u00e1n\u00ed ale nem\u00e1te dostatek \u010dasu na to, abyste si za\u0161li nakoupit zcela nov\u00e9 oble\u010den\u00ed do n\u011bjak\u00fdch specializovan\u00fdch kamenn\u00fdch prodejen? Pak ur\u010dit\u011b jako spousta dal\u0161\u00edch z\u00e1kazn\u00edk\u016f vyu\u017eijte t\u00e9 nejv\u011bt\u0161\u00ed internetov\u00e9 nab\u00eddky, jej\u00ed\u017e velkoobchod textilu je pro v\u00e1s p\u0159esn\u011b t\u00edm prav\u00fdm \u0159e\u0161en\u00edm, jak [&hellip;]","datePublished":"2024-04-27","dateModified":"2024-04-27","author":{"@type":"Person","@id":"https:\/\/www.heitec.cz\/author\/#Person","name":"","url":"https:\/\/www.heitec.cz\/author\/","identifier":1,"image":{"@type":"ImageObject","@id":"https:\/\/secure.gravatar.com\/avatar\/f3f77307dfb7a1a6ad06d8ef95ed6ed296a0507575d3814dc8c8630c3a7fa477?s=96&d=mm&r=g","url":"https:\/\/secure.gravatar.com\/avatar\/f3f77307dfb7a1a6ad06d8ef95ed6ed296a0507575d3814dc8c8630c3a7fa477?s=96&d=mm&r=g","height":96,"width":96}},"publisher":{"@type":"Organization","name":"heitec.cz","logo":{"@type":"ImageObject","@id":"\/logo.png","url":"\/logo.png","width":600,"height":60}},"url":"https:\/\/www.heitec.cz\/obleceni-a-doplnky-pro-deti-i-dospele-jsou-tu-v-tom-nejvetsim-e-shopu\/","wordCount":212,"articleBody":"Odj\u00ed\u017ed\u00edte pry\u010d a pot\u0159ebujete si dovybavit sv\u00e9 oble\u010den\u00ed o n\u011bjak\u00e9 dal\u0161\u00ed kusy? Kv\u016fli n\u00e1ro\u010dn\u00e9mu zam\u011bstn\u00e1n\u00ed ale nem\u00e1te dostatek \u010dasu na to, abyste si za\u0161li nakoupit zcela nov\u00e9 oble\u010den\u00ed do n\u011bjak\u00fdch specializovan\u00fdch kamenn\u00fdch prodejen? Pak ur\u010dit\u011b jako spousta dal\u0161\u00edch z\u00e1kazn\u00edk\u016f vyu\u017eijte t\u00e9 nejv\u011bt\u0161\u00ed internetov\u00e9 nab\u00eddky, jej\u00ed\u017e velkoobchod textilu je pro v\u00e1s p\u0159esn\u011b t\u00edm prav\u00fdm \u0159e\u0161en\u00edm, jak si jednodu\u0161e, rychle a za super cenu nakoupit spoustu nov\u00e9ho oble\u010den\u00ed.Vyu\u017eijte i vy cenov\u011b nejdostupn\u011bj\u0161\u00ed nab\u00eddky oble\u010den\u00ed a to je\u0161t\u011b dnesPokud i vy m\u00e1te pocit, \u017ee v dne\u0161n\u00edch kamenn\u00fdch obchodech nemaj\u00ed takov\u00fd v\u00fdb\u011br oble\u010den\u00ed, jak\u00fd byste si p\u0159edstavovali a to nav\u00edc i za n\u011bjakou p\u0159ijatelnou cenu, pak rad\u011bji zvolte daleko jednodu\u0161\u0161\u00ed \u0159e\u0161en\u00ed. Tento specializovan\u00fd internetov\u00fd velkoobchod textilu je tu opravdu pro ka\u017ed\u00e9ho a p\u0159in\u00e1\u0161\u00ed mu takovou \u0161k\u00e1lu modern\u00edho oble\u010den\u00ed pro d\u011bti i dosp\u011bl\u00e9, kter\u00e9 krom\u011b vysok\u00e9 kvality disponuje i tou nejni\u017e\u0161\u00ed cenou, kterou byste v klasick\u00fdch kamenn\u00fdch obchodech ur\u010dit\u011b nenalezli.                                                                                                                                                                                                                                                                                                                                                                                        3.5\/5 - (6 votes)        "},{"@context":"https:\/\/schema.org\/","@type":"BreadcrumbList","itemListElement":[{"@type":"ListItem","position":1,"name":"Oble\u010den\u00ed a dopl\u0148ky pro d\u011bti i dosp\u011bl\u00e9 jsou tu v tom nejv\u011bt\u0161\u00edm e- shopu","item":"https:\/\/www.heitec.cz\/obleceni-a-doplnky-pro-deti-i-dospele-jsou-tu-v-tom-nejvetsim-e-shopu\/#breadcrumbitem"}]}]