[{"@context":"https:\/\/schema.org\/","@type":"Article","@id":"https:\/\/www.heitec.cz\/o-suseni-a-vzhled-pradla-se-uz-starat-nemusite\/#Article","mainEntityOfPage":"https:\/\/www.heitec.cz\/o-suseni-a-vzhled-pradla-se-uz-starat-nemusite\/","headline":"O su\u0161en\u00ed a vzhled pr\u00e1dla se u\u017e starat nemus\u00edte","name":"O su\u0161en\u00ed a vzhled pr\u00e1dla se u\u017e starat nemus\u00edte","description":"Pran\u00ed pr\u00e1dla pat\u0159\u00ed mezi \u010dast\u00e9 a pot\u0159ebn\u00e9 \u00fakoly, kter\u00e9 pat\u0159\u00ed do va\u0161\u00ed dom\u00e1cnosti. M\u016f\u017eeme b\u00fdt ale vd\u011b\u010dn\u00ed t\u00e9to dob\u011b, \u017ee u\u017e se o jeho pran\u00ed nemus\u00edme starat do takov\u00e9 m\u00edry, jak tomu bylo za star\u00fdch \u010das\u016f. \u0160ikovn\u00e9 pra\u010dky vy\u017eaduj\u00ed jenom na\u0161i pomocnou ruku v podob\u011b spr\u00e1vn\u00e9ho rozt\u0159\u00edd\u011bn\u00ed a volb\u011b prac\u00edho prost\u0159edku. A je\u0161t\u011b ty \u0161ikovn\u011bj\u0161\u00ed, [&hellip;]","datePublished":"2025-03-01","dateModified":"2023-05-02","author":{"@type":"Person","@id":"https:\/\/www.heitec.cz\/author\/#Person","name":"","url":"https:\/\/www.heitec.cz\/author\/","identifier":1,"image":{"@type":"ImageObject","@id":"https:\/\/secure.gravatar.com\/avatar\/f3f77307dfb7a1a6ad06d8ef95ed6ed296a0507575d3814dc8c8630c3a7fa477?s=96&d=mm&r=g","url":"https:\/\/secure.gravatar.com\/avatar\/f3f77307dfb7a1a6ad06d8ef95ed6ed296a0507575d3814dc8c8630c3a7fa477?s=96&d=mm&r=g","height":96,"width":96}},"publisher":{"@type":"Organization","name":"heitec.cz","logo":{"@type":"ImageObject","@id":"\/logo.png","url":"\/logo.png","width":600,"height":60}},"image":{"@type":"ImageObject","@id":"https:\/\/www.heitec.cz\/wp-content\/uploads\/img_a305086_w2076_t1516559448.jpg","url":"https:\/\/www.heitec.cz\/wp-content\/uploads\/img_a305086_w2076_t1516559448.jpg","height":0,"width":0},"url":"https:\/\/www.heitec.cz\/o-suseni-a-vzhled-pradla-se-uz-starat-nemusite\/","wordCount":491,"articleBody":"Pran\u00ed pr\u00e1dla pat\u0159\u00ed mezi \u010dast\u00e9 a pot\u0159ebn\u00e9 \u00fakoly, kter\u00e9 pat\u0159\u00ed do va\u0161\u00ed dom\u00e1cnosti. M\u016f\u017eeme b\u00fdt ale vd\u011b\u010dn\u00ed t\u00e9to dob\u011b, \u017ee u\u017e se o jeho pran\u00ed nemus\u00edme starat do takov\u00e9 m\u00edry, jak tomu bylo za star\u00fdch \u010das\u016f. \u0160ikovn\u00e9 pra\u010dky vy\u017eaduj\u00ed jenom na\u0161i pomocnou ruku v podob\u011b spr\u00e1vn\u00e9ho rozt\u0159\u00edd\u011bn\u00ed a volb\u011b prac\u00edho prost\u0159edku. A je\u0161t\u011b ty \u0161ikovn\u011bj\u0161\u00ed, n\u00e1m nab\u00edz\u00ed sp\u00e1su v tom snad nejv\u00edce otravn\u00e9m a zdlouhav\u00e9m procesu, jak\u00fdm je \u017eehlen\u00ed. Pra\u010dka se su\u0161i\u010dkou je dnes naprost\u00e1 jedine\u010dnost, proto\u017ee i samotn\u00e1 su\u0161i\u010dka na pr\u00e1dlo je pro \u010d\u00edm d\u00e1l v\u00edce dom\u00e1cnost\u00ed nezbytnou volbou.Co takov\u00e1 su\u0161i\u010dka svede?Nutno podotknout, \u017ee na trhu je jich cel\u00e1 \u0159ada, ale ty nejlep\u0161\u00ed z nich jsou vybaveny uk\u00e1zkov\u011b:\u00b7\u00a0\u00a0\u00a0\u00a0\u00a0\u00a0\u00a0 Bez hluku\u00b7\u00a0\u00a0\u00a0\u00a0\u00a0\u00a0\u00a0 Pojmou a\u017e 8 kg pr\u00e1dla\u00b7\u00a0\u00a0\u00a0\u00a0\u00a0\u00a0\u00a0 Maj\u00ed d\u011btskou pojistku (jako rodi\u010d to ocen\u00ed spousta z v\u00e1s)\u00b7\u00a0\u00a0\u00a0\u00a0\u00a0\u00a0\u00a0 Mo\u017enost odlo\u017een\u00e9ho startu\u00b7\u00a0\u00a0\u00a0\u00a0\u00a0\u00a0 Samo\u010dist\u00edc\u00ed kondenz\u00e1tor (postar\u00e1 se o jejich bezprobl\u00e9mov\u00fd chod a \u00fadr\u017ebu)\tVysok\u00e1 cena, ale je\u0161t\u011b vy\u0161\u0161\u00ed v\u00fdsledekSu\u0161i\u010dka na pr\u00e1dlo pat\u0159\u00ed mezi spot\u0159ebi\u010d, kter\u00fd je pro ka\u017ed\u00e9ho z n\u00e1s l\u00e1kavou volbou d\u00edky jeho funkci a proto se bohu\u017eel \u0159ad\u00ed mezi ty dra\u017e\u0161\u00ed v cenov\u00e9 dostupnosti.Na su\u0161i\u010dku pr\u00e1dla se ale vyplat\u00ed si na\u0161et\u0159it, proto\u017ee v\u00e1m uleh\u010d\u00ed nejen v\u00e1\u0161 \u010das, ale i v\u00fdsledek v jak\u00e9m va\u0161e pr\u00e1dlo v kone\u010dn\u00e9m stavu i z\u016fstane. \u017d\u00e1dn\u00e1 \u017eehli\u010dka, ani hodiny va\u0161i snahy v\u00e1m toti\u017e nezaru\u010d\u00ed takov\u00fd v\u00fdsledek, s jak\u00fdm si su\u0161i\u010dka pr\u00e1dla porad\u00ed. Po jeho vynd\u00e1n\u00ed si oble\u010den\u00ed m\u016f\u017eete poskl\u00e1dat rovnou do sk\u0159\u00edn\u011b. Je dokonal\u00e1 i pro zimn\u00ed obdob\u00ed, kdy se popere s ka\u017edou bundou bez toho, aby ztratila sv\u016fj tvar a v\u00fdpl\u0148. Jestli m\u00e1te doma dom\u00e1c\u00ed mazl\u00ed\u010dky, v\u011b\u0159te, \u017ee su\u0161i\u010dka pojme v\u0161echnu zv\u00ed\u0159ec\u00ed srst z va\u0161eho oble\u010den\u00ed, nebo p\u0159ehoz\u016f a dek. V kone\u010dn\u00e9m d\u016fsledku se v\u00e1m vyplat\u00ed t\u00e1to investice ze v\u0161ech stran, proto si napi\u0161te tento geni\u00e1ln\u00ed spot\u0159ebi\u010d na v\u00e1\u0161 seznam ke koupi.\t2 v 1 pro v\u00e1\u0161 komfortn\u011bj\u0161\u00ed v\u00fdb\u011brJestli pak si chcete doma u\u0161et\u0159it m\u00edsto, nebo jednodu\u0161e chcete m\u00edt v\u0161echno v jednom, rozhl\u00e9dn\u011bte se rovnou po pra\u010dce, kter\u00e1 disponuje t\u00fdm, \u017ee je tak\u00e9 su\u0161i\u010dkou. Jej\u00ed manipulace je mnohem komfortn\u011bj\u0161\u00ed v tom, \u017ee nemus\u00edte pr\u00e1dlo v\u011b\u010dn\u011b p\u0159esouvat a zap\u00ednat dal\u0161\u00ed programy. Jednodu\u0161e si nastav\u00edte pran\u00ed a z\u00e1rove\u0148 ho spoj\u00edte s funkci su\u0161en\u00ed. Dokonalost sama!                                                                                                                                                                                                                                                                                                                                                                                        4.2\/5 - (6 votes)        "},{"@context":"https:\/\/schema.org\/","@type":"BreadcrumbList","itemListElement":[{"@type":"ListItem","position":1,"name":"O su\u0161en\u00ed a vzhled pr\u00e1dla se u\u017e starat nemus\u00edte","item":"https:\/\/www.heitec.cz\/o-suseni-a-vzhled-pradla-se-uz-starat-nemusite\/#breadcrumbitem"}]}]