[{"@context":"https:\/\/schema.org\/","@type":"Article","@id":"https:\/\/www.heitec.cz\/kultura-severnich-cech\/#Article","mainEntityOfPage":"https:\/\/www.heitec.cz\/kultura-severnich-cech\/","headline":"Kultura severn\u00edch \u010cech","name":"Kultura severn\u00edch \u010cech","description":"Hrad St\u0159ekov Hrad zalo\u017eil zn\u00e1m\u00fd Jan lucembursk\u00fd ve 14. stolet\u00ed. Byl ur\u010den k\u00a0ochran\u011b labsk\u00e9 plavby. A\u017e do dal\u0161\u00edho stolet\u00ed ho vlastnili Vartenberkov\u00e9. Dal\u0161\u00edm d\u016fle\u017eit\u00fdm historick\u00fdm obdob\u00edm byli husitsk\u00e9 v\u00e1lky. Ov\u0161em hrad byl dost odoln\u00fd, a proto nikdy nebyl obl\u00e9h\u00e1n. Majitel\u00e9 se postupn\u011b m\u011bnili a\u017e ho za\u010dali vlastnit Lobkovicov\u00e9. Ti v\u00a0t\u00e9to dob\u011b na\u0161t\u011bst\u00ed zna\u010dn\u011b po\u0161kozenou stavbu [&hellip;]","datePublished":"2019-08-15","dateModified":"2023-05-02","author":{"@type":"Person","@id":"https:\/\/www.heitec.cz\/author\/#Person","name":"","url":"https:\/\/www.heitec.cz\/author\/","identifier":1,"image":{"@type":"ImageObject","@id":"https:\/\/secure.gravatar.com\/avatar\/f3f77307dfb7a1a6ad06d8ef95ed6ed296a0507575d3814dc8c8630c3a7fa477?s=96&d=mm&r=g","url":"https:\/\/secure.gravatar.com\/avatar\/f3f77307dfb7a1a6ad06d8ef95ed6ed296a0507575d3814dc8c8630c3a7fa477?s=96&d=mm&r=g","height":96,"width":96}},"publisher":{"@type":"Organization","name":"heitec.cz","logo":{"@type":"ImageObject","@id":"\/logo.png","url":"\/logo.png","width":600,"height":60}},"image":{"@type":"ImageObject","@id":"https:\/\/www.heitec.cz\/wp-content\/uploads\/img_a353158_w3168_t1567346732.jpg","url":"https:\/\/www.heitec.cz\/wp-content\/uploads\/img_a353158_w3168_t1567346732.jpg","height":0,"width":0},"url":"https:\/\/www.heitec.cz\/kultura-severnich-cech\/","about":["Kultura"],"wordCount":420,"articleBody":"Hrad St\u0159ekovHrad zalo\u017eil zn\u00e1m\u00fd Jan lucembursk\u00fd ve 14. stolet\u00ed. Byl ur\u010den k\u00a0ochran\u011b labsk\u00e9 plavby. A\u017e do dal\u0161\u00edho stolet\u00ed ho vlastnili Vartenberkov\u00e9. Dal\u0161\u00edm d\u016fle\u017eit\u00fdm historick\u00fdm obdob\u00edm byli husitsk\u00e9 v\u00e1lky. Ov\u0161em hrad byl dost odoln\u00fd, a proto nikdy nebyl obl\u00e9h\u00e1n. Majitel\u00e9 se postupn\u011b m\u011bnili a\u017e ho za\u010dali vlastnit Lobkovicov\u00e9. Ti v\u00a0t\u00e9to dob\u011b na\u0161t\u011bst\u00ed zna\u010dn\u011b po\u0161kozenou stavbu opravili. Pozd\u011bji bohu\u017eel hrad \u00fapln\u011b zch\u00e1tral a byl otev\u0159en pro turistick\u00e9 pot\u0159eny a\u017e v\u00a019. stolet\u00ed. Dnes h m\u016f\u017eeme obdivovat v\u00a0podob\u011b z\u0159\u00edceniny, ale s\u00a0n\u00e1dhern\u00fdm v\u00fdhledem na Labe a okol\u00ed. N\u00e1v\u0161t\u011bva nen\u00ed ani nijak \u010dasov\u011b n\u00e1ro\u010dn\u00e1, proto\u017ee zde zhruba str\u00e1v\u00edte 1,5 hodiny. Dosp\u011bl\u00ed za vstup zaplat\u00ed 100 K\u010d a d\u00edt\u011b 80 K\u010d. Pokud jste rodina, tak celkem zaplat\u00edte v\u00fdrazn\u011b m\u00e9n\u011b.Z\u00e1mek Mnichovo Hradi\u0161t\u011bSamotn\u00e9 Mnichovo Hradi\u0161t\u011b vzniklo ji\u017e ve 13.stolet\u00ed v\u00a0d\u016fsledku kolonizace bl\u00edzk\u00e9ho kl\u00e1\u0161tera. Barokn\u00ed stal dostal mezi 17. a 18. stolet\u00edm. Za\u017eil hodn\u011b zm\u011bn ve vlastnictv\u00ed i po\u017e\u00e1r, proto na n\u011bm \u010dasto prob\u00edhaly r\u016fzn\u00e9 \u00fapravy. K\u00a0t\u00e9to budov\u011b pat\u0159\u00ed je\u0161t\u011b Kapuc\u00ednsk\u00fd kl\u00e1\u0161ter, kter\u00fd byl tak\u00e9 roku 1945 zkonfiskov\u00e1n. Interi\u00e9r se dochoval z\u00a0doby 18. a\u017e 19. stolet\u00ed, kdy zde vl\u00e1dl rod Vald\u0161tejn\u016f. Ihned po druh\u00e9 sv\u011btov\u00e9 slou\u017eil jako muzeum. Obsahuje n\u011bkolik zaj\u00edmav\u00fdch expozic se \u010dty\u0159mi okruhy. P\u0159es rok je tak\u00e9 zde po\u0159\u00e1d\u00e1no mnoho v\u00fdstav. Do parku m\u016f\u017eete vz\u00edt i sv\u00e9ho \u010dty\u0159noh\u00e9ho mazl\u00ed\u010dka, ov\u0161em nesm\u00edte zapomenout na ko\u0161\u00edk a obojek. Pokud m\u00e1te r\u00e1di knihy, tak m\u016f\u017eete nav\u0161t\u00edvit m\u00edstn\u00ed knihovnu.Zubrnick\u00e1 muse\u00e1ln\u00ed \u017eelezniceD\u0159\u00edve byla funk\u010dn\u00ed, ale od roku 1978 skon\u010dil jej\u00ed pravideln\u00fd provoz. Minul\u00ed rok byla pln\u011b otev\u0159ena pro muzejn\u00ed \u00fa\u010dely. Jej\u00ed trat\u00b4 z\u00a0Velk\u00e9ho B\u0159ezna do Love\u010dkovic je v\u00a0seznamu kulturn\u00edch pam\u00e1tek \u010cR. Linka pod n\u00e1zvem T3 je nyn\u00ed pouze pro turistick\u00e9 \u00fa\u010dely. Provoz prob\u00edh\u00e1 o v\u00edkendech a st\u00e1tn\u00edch sv\u00e1tc\u00edch od jara do podzimu. Cel\u00e1 historick\u00e1 souprava je poh\u00e1n\u011bna motorov\u00fdm vozem M131. 1 vyroben v\u00a0neuv\u011b\u0159iteln\u00e9m roce 1951. Tak\u00e9 je zde speci\u00e1ln\u00ed \u017eelezni\u010dn\u00ed muzeum s\u00a0expozic\u00ed. Pro fanou\u0161ky vlak\u016f je to opravdov\u00fd r\u00e1j.                                                                                                                                                                                                                                                                                                                                                                                        4\/5 - (8 votes)        "},{"@context":"https:\/\/schema.org\/","@type":"BreadcrumbList","itemListElement":[{"@type":"ListItem","position":1,"name":"Kultura severn\u00edch \u010cech","item":"https:\/\/www.heitec.cz\/kultura-severnich-cech\/#breadcrumbitem"}]}]