[{"@context":"https:\/\/schema.org\/","@type":"Article","@id":"https:\/\/www.heitec.cz\/konec-konce\/#Article","mainEntityOfPage":"https:\/\/www.heitec.cz\/konec-konce\/","headline":"Konec konce?","name":"Konec konce?","description":"Od posledn\u00edho titulu ze sezony 2011\/2012 to jde s\u00a0hokejem v\u00a0Pardubic\u00edch z\u00a0kopce. V\u00a0dal\u0161\u00edm roce konec v\u00a0p\u0159edkole po nap\u00ednav\u00e9 s\u00e9rii s\u00a0Kladnem, potom dvakr\u00e1t ve \u010dtvrtfin\u00e1le. Sez\u00f3na 2015\/16 skon\u010dila a\u017e po boji v\u00a0play out, o rok pozd\u011bji v\u00a0bar\u00e1\u017ei, dokonce a\u017e v\u00a0posledn\u00edm kole. Dal\u0161\u00ed sez\u00f3na p\u0159inesla sv\u011btlej\u0161\u00ed okam\u017eiky, a po nepoveden\u00e9m za\u010d\u00e1tku z\u00a0toho bylo celkov\u00e9 6. m\u00edsto. Co p\u0159ijde [&hellip;]","datePublished":"2019-09-17","dateModified":"2023-05-02","author":{"@type":"Person","@id":"https:\/\/www.heitec.cz\/author\/#Person","name":"","url":"https:\/\/www.heitec.cz\/author\/","identifier":1,"image":{"@type":"ImageObject","@id":"https:\/\/secure.gravatar.com\/avatar\/f3f77307dfb7a1a6ad06d8ef95ed6ed296a0507575d3814dc8c8630c3a7fa477?s=96&d=mm&r=g","url":"https:\/\/secure.gravatar.com\/avatar\/f3f77307dfb7a1a6ad06d8ef95ed6ed296a0507575d3814dc8c8630c3a7fa477?s=96&d=mm&r=g","height":96,"width":96}},"publisher":{"@type":"Organization","name":"heitec.cz","logo":{"@type":"ImageObject","@id":"\/logo.png","url":"\/logo.png","width":600,"height":60}},"image":{"@type":"ImageObject","@id":"https:\/\/www.heitec.cz\/wp-content\/uploads\/img_a354913_w3168_t1569392209.png","url":"https:\/\/www.heitec.cz\/wp-content\/uploads\/img_a354913_w3168_t1569392209.png","height":0,"width":0},"url":"https:\/\/www.heitec.cz\/konec-konce\/","about":["Sport\r"],"wordCount":414,"articleBody":"Od posledn\u00edho titulu ze sezony 2011\/2012 to jde s\u00a0hokejem v\u00a0Pardubic\u00edch z\u00a0kopce. V\u00a0dal\u0161\u00edm roce konec v\u00a0p\u0159edkole po nap\u00ednav\u00e9 s\u00e9rii s\u00a0Kladnem, potom dvakr\u00e1t ve \u010dtvrtfin\u00e1le. Sez\u00f3na 2015\/16 skon\u010dila a\u017e po boji v\u00a0play out, o rok pozd\u011bji v\u00a0bar\u00e1\u017ei, dokonce a\u017e v\u00a0posledn\u00edm kole. Dal\u0161\u00ed sez\u00f3na p\u0159inesla sv\u011btlej\u0161\u00ed okam\u017eiky, a po nepoveden\u00e9m za\u010d\u00e1tku z\u00a0toho bylo celkov\u00e9 6. m\u00edsto. Co p\u0159ijde za rok, tu\u0161il m\u00e1lokdo. Suver\u00e9nn\u011b posledn\u00ed m\u00edsto po z\u00e1kladn\u00ed \u010d\u00e1sti, a boj o p\u0159e\u017eit\u00ed. Ale s\u00a0v\u00edt\u011bzn\u00fdm koncem. Bar\u00e1\u017e si zku\u0161en\u011b pohl\u00eddali a extraliga tak o jeden z\u00a0netradi\u010dn\u011bj\u0161\u00edch t\u00fdm\u016f nep\u0159ijde.Je jasn\u00e9, \u017ee musely p\u0159ij\u00edt zm\u011bny. Jak v\u00a0z\u00e1kulis\u00ed, tak mezi hr\u00e1\u010di. Svoji kari\u00e9ru ukon\u010dili osv\u011bd\u010den\u00ed veter\u00e1ni Petr S\u00fdkora a Petr \u010c\u00e1slava. S\u00a0hokejem ale nekon\u010d\u00ed. Oba budou pokra\u010dovat v\u00a0ni\u017e\u0161\u00ed lize za Vrchlab\u00ed, respektive Dv\u016fr Kr\u00e1lov\u00e9 nad Labem. Prvn\u011b jmenovan\u00fd nav\u00edc vypom\u016f\u017ee s\u00a0ml\u00e1de\u017e\u00ed.Velk\u00fdm p\u0159\u00ednosem budou ur\u010dit\u011b p\u0159\u00edchody navr\u00e1tilc\u016f obr\u00e1nce Jana Kol\u00e1\u0159e a \u00fato\u010dn\u00edka Roberta Kousala. T\u00fdmu ku prosp\u011bchu budou ur\u010dit\u011b i Denis Kindl, Radoslav Tybor nebo Corey Locke.V\u00a0p\u0159\u00edpravn\u00fdch z\u00e1pasech hradeck\u00e9ho Mountfield cupu, pardubi\u010dt\u00ed hokejist\u00e9 nastupovali z\u00a0v\u011bt\u0161iny s\u00a0hr\u00e1\u010di na zkou\u0161ku a s\u00a0juniory. Proto v\u00fdsledky 0:3 (Slovan Bratislava), 0:8 (Spartak Moskva) a 2:4 (Hradec Kr\u00e1lov\u00e9) nem\u016f\u017eeme br\u00e1t tak \u00fapln\u011b v\u00e1\u017en\u011b. Dom\u00e1c\u00edho turnaje, Memori\u00e1lu Zby\u0148ka Kus\u00e9ho, u\u017e se ale z\u00fa\u010dastnily i opory a spole\u010dn\u011b zapsaly 1. v\u00fdhru. V\u00a0derby porazily Mountfield 7:2. N\u00e1sledovala por\u00e1\u017eka s\u00a0Chabarovskem 3:6, na 1. m\u00edst\u011b v\u00a0tabulce to ale nic nezm\u011bnilo, a tak ve fin\u00e1le mohli vyzvat Ko\u0161ice. Ale ne\u00fasp\u011b\u0161n\u011b (3:5).Po t\u011bchto dvou turnaj\u00edch za\u010dal t\u00fdm spolupracovat s\u00a0Kadan\u00ed, kv\u016fli v\u00fdchov\u011b hr\u00e1\u010d\u016f. Sezonu tam zah\u00e1j\u00ed i Jakub Mert, Ond\u0159ej Mat\u00fds, Michal Macha\u010d a Oliver \u0160t\u011bp\u00e1nek.Extraliga by nem\u011bla p\u0159ich\u00e1zet o tradi\u010dn\u00ed t\u00fdmy, a proto douf\u00e1m, \u017ee Pardubice lo\u0148skou sez\u00f3nu u\u017e nezopakuj\u00ed, ale \u017ee budou znovu stoupat na m\u00edsta, kam opravdu pat\u0159\u00ed. O prvn\u00ed kr\u016f\u010dek se pokus\u00ed u\u017e letos.                                                                                                                                                                                                                                                                                                                                                                                        4.4\/5 - (7 votes)        "},{"@context":"https:\/\/schema.org\/","@type":"BreadcrumbList","itemListElement":[{"@type":"ListItem","position":1,"name":"Konec konce?","item":"https:\/\/www.heitec.cz\/konec-konce\/#breadcrumbitem"}]}]